{"id":97,"date":"2025-12-13T21:05:21","date_gmt":"2025-12-13T21:05:21","guid":{"rendered":"https:\/\/treasurehymns.com\/es\/2025\/12\/13\/himno-91-que-nino-es-este\/"},"modified":"2025-12-13T21:05:21","modified_gmt":"2025-12-13T21:05:21","slug":"himno-91-que-nino-es-este-lirica","status":"publish","type":"post","link":"https:\/\/treasurehymns.com\/es\/himnario-adventista-nuevo\/himno-91-que-nino-es-este-lirica\/","title":{"rendered":"himno 91  \u00bfQu\u00e9 ni\u00f1o es este? L\u00edrica"},"content":{"rendered":"<p>Himnario Adventista Nuevo<\/p>\n<p>himno 91 \u00bfQu\u00e9 ni\u00f1o es este? L\u00edrica<\/p>\n<p>&nbsp;<\/p>\n<p>1.<br \/>\n\u00bfQu\u00e9 ni\u00f1o es este<br \/>\nque yace en el regazo de Mar\u00eda?<br \/>\n\u00bfA quien los \u00e1ngeles cantan<br \/>\nmientras en vela est\u00e1n los pastores?<br \/>\nCoro<br \/>\nEl es Jes\u00fas, el Rey,<br \/>\na quien cantaron los \u00e1ngeles.<br \/>\nDad, dad alabanza y honra al ni\u00f1o de Mar\u00eda.<br \/>\n2.<br \/>\n\u00bfPor qu\u00e9 en pesebre humilde est\u00e1<br \/>\ndonde yacen bueyes y asnos?<br \/>\nEs por amor que el Verbo<br \/>\nse hizo hombre y vivi\u00f3 entre nosotros.<br \/>\n3.<br \/>\nTraedle oro, incienso y mirra,<br \/>\ny dadle ricos presentes.<br \/>\nEl Rey de reyes la vida da;<br \/>\nentronadle en los corazones.<\/p>\n","protected":false},"excerpt":{"rendered":"<p>Himnario Adventista Nuevo himno 91 \u00bfQu\u00e9 ni\u00f1o es este? L\u00edrica &nbsp; 1. \u00bfQu\u00e9 ni\u00f1o es este que yace en el regazo de Mar\u00eda? \u00bfA quien los \u00e1ngeles cantan mientras en vela est\u00e1n los pastores? Coro El es Jes\u00fas, el Rey, a quien cantaron los \u00e1ngeles. Dad, dad alabanza y honra al ni\u00f1o de Mar\u00eda. 2. [&hellip;]<\/p>\n","protected":false},"author":1,"featured_media":0,"comment_status":"open","ping_status":"open","sticky":false,"template":"","format":"standard","meta":{"footnotes":""},"categories":[115],"tags":[],"class_list":["post-97","post","type-post","status-publish","format-standard","hentry","category-himnario-adventista-nuevo"],"amp_enabled":true,"_links":{"self":[{"href":"https:\/\/treasurehymns.com\/es\/wp-json\/wp\/v2\/posts\/97","targetHints":{"allow":["GET"]}}],"collection":[{"href":"https:\/\/treasurehymns.com\/es\/wp-json\/wp\/v2\/posts"}],"about":[{"href":"https:\/\/treasurehymns.com\/es\/wp-json\/wp\/v2\/types\/post"}],"author":[{"embeddable":true,"href":"https:\/\/treasurehymns.com\/es\/wp-json\/wp\/v2\/users\/1"}],"replies":[{"embeddable":true,"href":"https:\/\/treasurehymns.com\/es\/wp-json\/wp\/v2\/comments?post=97"}],"version-history":[{"count":1,"href":"https:\/\/treasurehymns.com\/es\/wp-json\/wp\/v2\/posts\/97\/revisions"}],"predecessor-version":[{"id":710,"href":"https:\/\/treasurehymns.com\/es\/wp-json\/wp\/v2\/posts\/97\/revisions\/710"}],"wp:attachment":[{"href":"https:\/\/treasurehymns.com\/es\/wp-json\/wp\/v2\/media?parent=97"}],"wp:term":[{"taxonomy":"category","embeddable":true,"href":"https:\/\/treasurehymns.com\/es\/wp-json\/wp\/v2\/categories?post=97"},{"taxonomy":"post_tag","embeddable":true,"href":"https:\/\/treasurehymns.com\/es\/wp-json\/wp\/v2\/tags?post=97"}],"curies":[{"name":"wp","href":"https:\/\/api.w.org\/{rel}","templated":true}]}}