{"id":961,"date":"2025-12-13T21:05:31","date_gmt":"2025-12-13T21:05:31","guid":{"rendered":"https:\/\/treasurehymns.com\/es\/2025\/12\/13\/himno-136-al-fin-conoci-mas-de-cerca-a-jesus-lirica\/"},"modified":"2025-12-13T21:05:31","modified_gmt":"2025-12-13T21:05:31","slug":"himno-136-al-fin-conoci-mas-de-cerca-a-jesus-lirica","status":"publish","type":"post","link":"https:\/\/treasurehymns.com\/es\/antiguo-himnario-adventista\/himno-136-al-fin-conoci-mas-de-cerca-a-jesus-lirica\/","title":{"rendered":"himno 136 Al fin conoc\u00ed m\u00e1s de cerca a Jes\u00fas L\u00edrica"},"content":{"rendered":"<h2>Antiguo himnario adventista<\/h2>\n<h2>himno 136 Al fin conoc\u00ed m\u00e1s de cerca a Jes\u00fas L\u00edrica<\/h2>\n<p>&nbsp;<\/p>\n<p>1.<br \/>\nAl fin conoc\u00ed m\u00e1s des cerca a Jes\u00fas,<br \/>\nm\u00e1s no con teor\u00edas de humanos saber:<br \/>\nla gracia me puso en el alma la luz<br \/>\ncon que al Salvador pude ver.<br \/>\nCoro<br \/>\nLa gloria mir\u00e9 de Emmanuel<br \/>\ncon ojos ungidos de fe<br \/>\n\u00a1Que imagen sublime del G\u00f3lgota y el,<br \/>\ncon alma Contrita se ve!<br \/>\n2.<br \/>\nSent\u00ed aligerarse mi culpa y bald\u00f3n<br \/>\ny al cielo eleg\u00ed por supremo ideal.<br \/>\n\u00a1Cuan pronto quitome , al brindarme perd\u00f3n<br \/>\nel lastre terrestre del mal!<br \/>\n3.<br \/>\nLlenos\u00e9 mi pecho de paz interior<br \/>\n\u00bf que m\u00e1s en la vida pudiera querer?<br \/>\nHe ah\u00ed y por qu\u00e9 ador\u00f3 y me rindo al se\u00f1or<br \/>\npor eso le ofrendo mi ser.<br \/>\n4.<br \/>\nDespu\u00e9s de mirar bien de cerca a Jes\u00fas<br \/>\n\u00a1con cu\u00e1nta moci\u00f3n serle fiel resolv\u00ed!<br \/>\n\u00a1Qu\u00e9 gloria irradiaba su rostro en la cruz<br \/>\nde donde pend\u00eda por mi!<\/p>\n","protected":false},"excerpt":{"rendered":"<p>Antiguo himnario adventista himno 136 Al fin conoc\u00ed m\u00e1s de cerca a Jes\u00fas L\u00edrica &nbsp; 1. Al fin conoc\u00ed m\u00e1s des cerca a Jes\u00fas, m\u00e1s no con teor\u00edas de humanos saber: la gracia me puso en el alma la luz con que al Salvador pude ver. Coro La gloria mir\u00e9 de Emmanuel con ojos ungidos [&hellip;]<\/p>\n","protected":false},"author":1,"featured_media":0,"comment_status":"open","ping_status":"open","sticky":false,"template":"","format":"standard","meta":{"footnotes":""},"categories":[116],"tags":[],"class_list":["post-961","post","type-post","status-publish","format-standard","hentry","category-antiguo-himnario-adventista"],"amp_enabled":true,"_links":{"self":[{"href":"https:\/\/treasurehymns.com\/es\/wp-json\/wp\/v2\/posts\/961","targetHints":{"allow":["GET"]}}],"collection":[{"href":"https:\/\/treasurehymns.com\/es\/wp-json\/wp\/v2\/posts"}],"about":[{"href":"https:\/\/treasurehymns.com\/es\/wp-json\/wp\/v2\/types\/post"}],"author":[{"embeddable":true,"href":"https:\/\/treasurehymns.com\/es\/wp-json\/wp\/v2\/users\/1"}],"replies":[{"embeddable":true,"href":"https:\/\/treasurehymns.com\/es\/wp-json\/wp\/v2\/comments?post=961"}],"version-history":[{"count":0,"href":"https:\/\/treasurehymns.com\/es\/wp-json\/wp\/v2\/posts\/961\/revisions"}],"wp:attachment":[{"href":"https:\/\/treasurehymns.com\/es\/wp-json\/wp\/v2\/media?parent=961"}],"wp:term":[{"taxonomy":"category","embeddable":true,"href":"https:\/\/treasurehymns.com\/es\/wp-json\/wp\/v2\/categories?post=961"},{"taxonomy":"post_tag","embeddable":true,"href":"https:\/\/treasurehymns.com\/es\/wp-json\/wp\/v2\/tags?post=961"}],"curies":[{"name":"wp","href":"https:\/\/api.w.org\/{rel}","templated":true}]}}