{"id":337,"date":"2025-12-13T21:05:39","date_gmt":"2025-12-13T21:05:39","guid":{"rendered":"https:\/\/treasurehymns.com\/es\/2025\/12\/13\/himno-331-la-manana-gloriosa\/"},"modified":"2025-12-13T21:05:40","modified_gmt":"2025-12-13T21:05:40","slug":"himno-331-la-manana-gloriosa-lirica","status":"publish","type":"post","link":"https:\/\/treasurehymns.com\/es\/himnario-adventista-nuevo\/himno-331-la-manana-gloriosa-lirica\/","title":{"rendered":"himno 331  La ma\u00f1ana gloriosa L\u00edrica"},"content":{"rendered":"<p>Himnario Adventista Nuevo<\/p>\n<p>himno 331 La ma\u00f1ana gloriosa L\u00edrica<\/p>\n<p>&nbsp;<\/p>\n<p>1.<br \/>\nCu\u00e1n gloriosa ser\u00e1 la ma\u00f1ana<br \/>\ncuando venga Jes\u00fas el Salvador;<br \/>\ncuando todos, unidos como hermanos,<br \/>\nbienvenida daremos al Se\u00f1or.<br \/>\nCoro<br \/>\nNo habr\u00e1 necesidad de la luz el resplandor;<br \/>\nni el sol dar\u00e1 su luz, ni tampoco su calor.<br \/>\nAll\u00ed llanto no habr\u00e1, ni tristeza, ni dolor;<br \/>\nporque entonces Jes\u00fas, el Rey del cielo,<br \/>\npara siempre ser\u00e1 el Consolador.<br \/>\n2.<br \/>\nEsperamos la ma\u00f1ana gloriosa<br \/>\npara dar la bienvenida al Dios de amor.<br \/>\nDonde todo ser\u00e1 color de rosa,<br \/>\nen la santa presencia del Se\u00f1or.<\/p>\n","protected":false},"excerpt":{"rendered":"<p>Himnario Adventista Nuevo himno 331 La ma\u00f1ana gloriosa L\u00edrica &nbsp; 1. Cu\u00e1n gloriosa ser\u00e1 la ma\u00f1ana cuando venga Jes\u00fas el Salvador; cuando todos, unidos como hermanos, bienvenida daremos al Se\u00f1or. Coro No habr\u00e1 necesidad de la luz el resplandor; ni el sol dar\u00e1 su luz, ni tampoco su calor. All\u00ed llanto no habr\u00e1, ni tristeza, [&hellip;]<\/p>\n","protected":false},"author":1,"featured_media":0,"comment_status":"open","ping_status":"open","sticky":false,"template":"","format":"standard","meta":{"footnotes":""},"categories":[115],"tags":[],"class_list":["post-337","post","type-post","status-publish","format-standard","hentry","category-himnario-adventista-nuevo"],"amp_enabled":true,"_links":{"self":[{"href":"https:\/\/treasurehymns.com\/es\/wp-json\/wp\/v2\/posts\/337","targetHints":{"allow":["GET"]}}],"collection":[{"href":"https:\/\/treasurehymns.com\/es\/wp-json\/wp\/v2\/posts"}],"about":[{"href":"https:\/\/treasurehymns.com\/es\/wp-json\/wp\/v2\/types\/post"}],"author":[{"embeddable":true,"href":"https:\/\/treasurehymns.com\/es\/wp-json\/wp\/v2\/users\/1"}],"replies":[{"embeddable":true,"href":"https:\/\/treasurehymns.com\/es\/wp-json\/wp\/v2\/comments?post=337"}],"version-history":[{"count":1,"href":"https:\/\/treasurehymns.com\/es\/wp-json\/wp\/v2\/posts\/337\/revisions"}],"predecessor-version":[{"id":1190,"href":"https:\/\/treasurehymns.com\/es\/wp-json\/wp\/v2\/posts\/337\/revisions\/1190"}],"wp:attachment":[{"href":"https:\/\/treasurehymns.com\/es\/wp-json\/wp\/v2\/media?parent=337"}],"wp:term":[{"taxonomy":"category","embeddable":true,"href":"https:\/\/treasurehymns.com\/es\/wp-json\/wp\/v2\/categories?post=337"},{"taxonomy":"post_tag","embeddable":true,"href":"https:\/\/treasurehymns.com\/es\/wp-json\/wp\/v2\/tags?post=337"}],"curies":[{"name":"wp","href":"https:\/\/api.w.org\/{rel}","templated":true}]}}