{"id":330,"date":"2025-12-13T21:05:39","date_gmt":"2025-12-13T21:05:39","guid":{"rendered":"https:\/\/treasurehymns.com\/es\/2025\/12\/13\/himno-324-pronto-yo-vere-a-jesus\/"},"modified":"2025-12-13T21:05:39","modified_gmt":"2025-12-13T21:05:39","slug":"himno-324-pronto-yo-vere-a-jesus-lirica","status":"publish","type":"post","link":"https:\/\/treasurehymns.com\/es\/himnario-adventista-nuevo\/himno-324-pronto-yo-vere-a-jesus-lirica\/","title":{"rendered":"himno 324  Pronto yo ver\u00e9 a Jes\u00fas L\u00edrica"},"content":{"rendered":"<p>Himnario Adventista Nuevo<\/p>\n<p>himno 324 Pronto yo ver\u00e9 a Jes\u00fas L\u00edrica<\/p>\n<p>&nbsp;<\/p>\n<p>1.<br \/>\nPronto yo ver\u00e9 a Jes\u00fas el Rey<br \/>\ncon su hueste angelical;<br \/>\nen la bella tierra do morar\u00e9,<br \/>\ncara a cara lo ver\u00e9.<br \/>\nCoro<br \/>\nEn su gloria yo ver\u00e9 al Rey,<br \/>\ny loores siempre cantar\u00e9;<br \/>\nen la cruz muri\u00f3 mi Jes\u00fas por m\u00ed<br \/>\ny muy pronto lo ver\u00e9.<br \/>\n2.<br \/>\nEn aquella tierra de paz y amor<br \/>\nno habr\u00e1 oscuridad,<br \/>\npues el resplandor de mi Salvador<br \/>\nsiempre me iluminar\u00e1.<br \/>\n3.<br \/>\nRedimido all\u00ed a Jes\u00fas ir\u00e9<br \/>\na rendirle adoraci\u00f3n,<br \/>\ny feliz por siempre le cantar\u00e9<br \/>\npues me dio la redenci\u00f3n.<\/p>\n","protected":false},"excerpt":{"rendered":"<p>Himnario Adventista Nuevo himno 324 Pronto yo ver\u00e9 a Jes\u00fas L\u00edrica &nbsp; 1. Pronto yo ver\u00e9 a Jes\u00fas el Rey con su hueste angelical; en la bella tierra do morar\u00e9, cara a cara lo ver\u00e9. Coro En su gloria yo ver\u00e9 al Rey, y loores siempre cantar\u00e9; en la cruz muri\u00f3 mi Jes\u00fas por m\u00ed [&hellip;]<\/p>\n","protected":false},"author":1,"featured_media":0,"comment_status":"open","ping_status":"open","sticky":false,"template":"","format":"standard","meta":{"footnotes":""},"categories":[115],"tags":[],"class_list":["post-330","post","type-post","status-publish","format-standard","hentry","category-himnario-adventista-nuevo"],"amp_enabled":true,"_links":{"self":[{"href":"https:\/\/treasurehymns.com\/es\/wp-json\/wp\/v2\/posts\/330","targetHints":{"allow":["GET"]}}],"collection":[{"href":"https:\/\/treasurehymns.com\/es\/wp-json\/wp\/v2\/posts"}],"about":[{"href":"https:\/\/treasurehymns.com\/es\/wp-json\/wp\/v2\/types\/post"}],"author":[{"embeddable":true,"href":"https:\/\/treasurehymns.com\/es\/wp-json\/wp\/v2\/users\/1"}],"replies":[{"embeddable":true,"href":"https:\/\/treasurehymns.com\/es\/wp-json\/wp\/v2\/comments?post=330"}],"version-history":[{"count":1,"href":"https:\/\/treasurehymns.com\/es\/wp-json\/wp\/v2\/posts\/330\/revisions"}],"predecessor-version":[{"id":1183,"href":"https:\/\/treasurehymns.com\/es\/wp-json\/wp\/v2\/posts\/330\/revisions\/1183"}],"wp:attachment":[{"href":"https:\/\/treasurehymns.com\/es\/wp-json\/wp\/v2\/media?parent=330"}],"wp:term":[{"taxonomy":"category","embeddable":true,"href":"https:\/\/treasurehymns.com\/es\/wp-json\/wp\/v2\/categories?post=330"},{"taxonomy":"post_tag","embeddable":true,"href":"https:\/\/treasurehymns.com\/es\/wp-json\/wp\/v2\/tags?post=330"}],"curies":[{"name":"wp","href":"https:\/\/api.w.org\/{rel}","templated":true}]}}