{"id":314,"date":"2025-12-13T21:05:38","date_gmt":"2025-12-13T21:05:38","guid":{"rendered":"https:\/\/treasurehymns.com\/es\/2025\/12\/13\/himno-308-dios-descendio\/"},"modified":"2025-12-13T21:05:38","modified_gmt":"2025-12-13T21:05:38","slug":"himno-308-dios-descendio-lirica","status":"publish","type":"post","link":"https:\/\/treasurehymns.com\/es\/himnario-adventista-nuevo\/himno-308-dios-descendio-lirica\/","title":{"rendered":"himno 308  Dios descendi\u00f3 L\u00edrica"},"content":{"rendered":"<p>Himnario Adventista Nuevo<\/p>\n<p>himno 308 Dios descendi\u00f3 L\u00edrica<\/p>\n<p>&nbsp;<\/p>\n<p>1.<br \/>\nD\u00eda tan grande no puedo olvidar, d\u00eda de gloria sin par;<br \/>\ncuando en tinieblas al verme andar, vino a salvarme el Se\u00f1or.<br \/>\nGran compasi\u00f3n tuvo Cristo de m\u00ed, gozo y paz me otorg\u00f3;<br \/>\nsombras quit\u00f3, aliviando mi carga, la noche en d\u00eda cambi\u00f3.<br \/>\nCoro<br \/>\nDios descendi\u00f3 y de gloria me llen\u00f3,<br \/>\ncuando Jes\u00fas por gracia me salv\u00f3;<br \/>\nfui ciego, me hizo ver y mi noche ilumin\u00f3.<br \/>\nDios descendi\u00f3 y de gloria me llen\u00f3.<br \/>\n2.<br \/>\nDel Santo Esp\u00edritu yo renac\u00ed en la familia de Dios.<br \/>\nJustificado por Cristo el Se\u00f1or, gozo la gran redenci\u00f3n.<br \/>\nCristo pag\u00f3 con su sangre por m\u00ed, indigno y vil pecador;<br \/>\nme entreg\u00f3 su regalo de gracia y as\u00ed \u00e9l mi vida salv\u00f3.<br \/>\n3.<br \/>\nTengo esperanza de gloria eternal, me regocijo en Jes\u00fas;<br \/>\nme ha preparado un bello lugar, en la mansi\u00f3n celestial.<br \/>\nSiempre recuerdo con fe y gratitud, al contemplarlo en la cruz,<br \/>\nque sus heridas me dieron la vida, \u00a1Alabo al bendito Jes\u00fas!<\/p>\n","protected":false},"excerpt":{"rendered":"<p>Himnario Adventista Nuevo himno 308 Dios descendi\u00f3 L\u00edrica &nbsp; 1. D\u00eda tan grande no puedo olvidar, d\u00eda de gloria sin par; cuando en tinieblas al verme andar, vino a salvarme el Se\u00f1or. Gran compasi\u00f3n tuvo Cristo de m\u00ed, gozo y paz me otorg\u00f3; sombras quit\u00f3, aliviando mi carga, la noche en d\u00eda cambi\u00f3. Coro Dios [&hellip;]<\/p>\n","protected":false},"author":1,"featured_media":0,"comment_status":"open","ping_status":"open","sticky":false,"template":"","format":"standard","meta":{"footnotes":""},"categories":[115],"tags":[],"class_list":["post-314","post","type-post","status-publish","format-standard","hentry","category-himnario-adventista-nuevo"],"amp_enabled":true,"_links":{"self":[{"href":"https:\/\/treasurehymns.com\/es\/wp-json\/wp\/v2\/posts\/314","targetHints":{"allow":["GET"]}}],"collection":[{"href":"https:\/\/treasurehymns.com\/es\/wp-json\/wp\/v2\/posts"}],"about":[{"href":"https:\/\/treasurehymns.com\/es\/wp-json\/wp\/v2\/types\/post"}],"author":[{"embeddable":true,"href":"https:\/\/treasurehymns.com\/es\/wp-json\/wp\/v2\/users\/1"}],"replies":[{"embeddable":true,"href":"https:\/\/treasurehymns.com\/es\/wp-json\/wp\/v2\/comments?post=314"}],"version-history":[{"count":1,"href":"https:\/\/treasurehymns.com\/es\/wp-json\/wp\/v2\/posts\/314\/revisions"}],"predecessor-version":[{"id":1147,"href":"https:\/\/treasurehymns.com\/es\/wp-json\/wp\/v2\/posts\/314\/revisions\/1147"}],"wp:attachment":[{"href":"https:\/\/treasurehymns.com\/es\/wp-json\/wp\/v2\/media?parent=314"}],"wp:term":[{"taxonomy":"category","embeddable":true,"href":"https:\/\/treasurehymns.com\/es\/wp-json\/wp\/v2\/categories?post=314"},{"taxonomy":"post_tag","embeddable":true,"href":"https:\/\/treasurehymns.com\/es\/wp-json\/wp\/v2\/tags?post=314"}],"curies":[{"name":"wp","href":"https:\/\/api.w.org\/{rel}","templated":true}]}}