{"id":284,"date":"2025-12-13T21:05:35","date_gmt":"2025-12-13T21:05:35","guid":{"rendered":"https:\/\/treasurehymns.com\/es\/2025\/12\/13\/himno-278-puede-el-mundo-ver-a-jesus-en-mi\/"},"modified":"2025-12-13T21:05:36","modified_gmt":"2025-12-13T21:05:36","slug":"himno-278-puede-el-mundo-ver-a-jesus-en-mi-lirica","status":"publish","type":"post","link":"https:\/\/treasurehymns.com\/es\/himnario-adventista-nuevo\/himno-278-puede-el-mundo-ver-a-jesus-en-mi-lirica\/","title":{"rendered":"himno 278  \u00bfPuede el mundo ver a Jes\u00fas en m\u00ed? L\u00edrica"},"content":{"rendered":"<p>Himnario Adventista Nuevo<\/p>\n<p>himno 278 \u00bfPuede el mundo ver a Jes\u00fas en m\u00ed? L\u00edrica<\/p>\n<p>&nbsp;<\/p>\n<p>1.<br \/>\n\u00bfVivo hoy tan cerca de mi Jes\u00fas,<br \/>\na pesar del mundo y su maldad,<br \/>\nhasta el punto que en m\u00ed se pueda ver<br \/>\nun reflejo de su luz?<br \/>\nCoro<br \/>\n\u00bfPuede el mundo ver a Jes\u00fas en m\u00ed?<br \/>\n\u00bfPuede el mundo ver a Jes\u00fas en m\u00ed?<br \/>\n\u00bfMe comporto como \u00e9l? Sus pisadas \u00bfsigo aqu\u00ed?<br \/>\n\u00bfPuede el mundo ver a Jes\u00fas en m\u00ed?<br \/>\n2.<br \/>\n\u00bfAmo yo a mi pr\u00f3jimo cual Jes\u00fas,<br \/>\nno importa cu\u00e1l sea su color?<br \/>\n\u00bfY mi mano extiendo para ayudar<br \/>\nal que lucha por ser fiel?<br \/>\n3.<br \/>\nComo un libro abierto mi vida es<br \/>\ny en \u00e9l las gentes mis actos ven:<br \/>\nSi son buenos, los guiar\u00e1n a \u00e9l;<br \/>\ny si no, las perder\u00e1n.<\/p>\n","protected":false},"excerpt":{"rendered":"<p>Himnario Adventista Nuevo himno 278 \u00bfPuede el mundo ver a Jes\u00fas en m\u00ed? L\u00edrica &nbsp; 1. \u00bfVivo hoy tan cerca de mi Jes\u00fas, a pesar del mundo y su maldad, hasta el punto que en m\u00ed se pueda ver un reflejo de su luz? Coro \u00bfPuede el mundo ver a Jes\u00fas en m\u00ed? \u00bfPuede el [&hellip;]<\/p>\n","protected":false},"author":1,"featured_media":0,"comment_status":"open","ping_status":"open","sticky":false,"template":"","format":"standard","meta":{"footnotes":""},"categories":[115],"tags":[],"class_list":["post-284","post","type-post","status-publish","format-standard","hentry","category-himnario-adventista-nuevo"],"amp_enabled":true,"_links":{"self":[{"href":"https:\/\/treasurehymns.com\/es\/wp-json\/wp\/v2\/posts\/284","targetHints":{"allow":["GET"]}}],"collection":[{"href":"https:\/\/treasurehymns.com\/es\/wp-json\/wp\/v2\/posts"}],"about":[{"href":"https:\/\/treasurehymns.com\/es\/wp-json\/wp\/v2\/types\/post"}],"author":[{"embeddable":true,"href":"https:\/\/treasurehymns.com\/es\/wp-json\/wp\/v2\/users\/1"}],"replies":[{"embeddable":true,"href":"https:\/\/treasurehymns.com\/es\/wp-json\/wp\/v2\/comments?post=284"}],"version-history":[{"count":1,"href":"https:\/\/treasurehymns.com\/es\/wp-json\/wp\/v2\/posts\/284\/revisions"}],"predecessor-version":[{"id":1095,"href":"https:\/\/treasurehymns.com\/es\/wp-json\/wp\/v2\/posts\/284\/revisions\/1095"}],"wp:attachment":[{"href":"https:\/\/treasurehymns.com\/es\/wp-json\/wp\/v2\/media?parent=284"}],"wp:term":[{"taxonomy":"category","embeddable":true,"href":"https:\/\/treasurehymns.com\/es\/wp-json\/wp\/v2\/categories?post=284"},{"taxonomy":"post_tag","embeddable":true,"href":"https:\/\/treasurehymns.com\/es\/wp-json\/wp\/v2\/tags?post=284"}],"curies":[{"name":"wp","href":"https:\/\/api.w.org\/{rel}","templated":true}]}}