{"id":2448,"date":"2025-12-14T19:46:01","date_gmt":"2025-12-14T19:46:01","guid":{"rendered":"https:\/\/treasurehymns.com\/es\/2025\/12\/14\/himno-253-cuando-mi-nombre-se-escuche-en-la-gloria-lirica\/"},"modified":"2025-12-14T19:46:01","modified_gmt":"2025-12-14T19:46:01","slug":"himno-253-cuando-mi-nombre-se-escuche-en-la-gloria-lirica","status":"publish","type":"post","link":"https:\/\/treasurehymns.com\/es\/iglesia-de-dios-ministerial-de-jesucristo-internacional\/himno-253-cuando-mi-nombre-se-escuche-en-la-gloria-lirica\/","title":{"rendered":"Himno 253 CUANDO MI NOMBRE SE ESCUCHE EN LA GLORIA  L\u00edrica"},"content":{"rendered":"<p>Iglesia de Dios Ministerial de Jesucristo Internacional<\/p>\n<p>Himno 253 CUANDO MI NOMBRE SE ESCUCHE EN LA GLORIA L\u00edrica<\/p>\n<p>&nbsp;<\/p>\n<p>1<br \/>\nHe o\u00eddo el llamamiento de Jes\u00fas, mi Salvador,<br \/>\nY apresuro la jornada a mi hogar;<br \/>\nHe dejado las cadenas de tristeza y aflicci\u00f3n,<br \/>\nY camino con los rectos a mi Dios.  <\/p>\n<p>CORO:<br \/>\nCuando en gloria sea nombrado all\u00e1 estar\u00e9; s\u00ed, estar\u00e9; Porque Cristo mis<br \/>\nplegarias escuch\u00f3 con todo amor;<br \/>\nY al vivir muy cerca de \u00c9l con su justificaci\u00f3n,<br \/>\nCuando en gloria sea nombrado, all\u00e1 estar\u00e9.  <\/p>\n<p>2<br \/>\nTentaciones me provocan, mas siendo \u00c9l vencedor,<br \/>\nA otras almas traigo ansiosas a Jes\u00fas.<br \/>\nTodas mis pesadas cargas diariamente llevo a \u00c9l;<br \/>\n\u00a1Es mi ayuda, es mi amigo hasta el fin!  <\/p>\n<p>3<br \/>\nSi yo dejo los cuidados terrenales muy atr\u00e1s,<br \/>\nCu\u00e1n seguro estoy mi meta alcanzar;<br \/>\nNunca, nunca extraviareme del Se\u00f1or y hacia mi hogar<br \/>\nVoy gozoso do las luchas cesar\u00e1n.<\/p>\n","protected":false},"excerpt":{"rendered":"<p>Iglesia de Dios Ministerial de Jesucristo Internacional Himno 253 CUANDO MI NOMBRE SE ESCUCHE EN LA GLORIA L\u00edrica &nbsp; 1 He o\u00eddo el llamamiento de Jes\u00fas, mi Salvador, Y apresuro la jornada a mi hogar; He dejado las cadenas de tristeza y aflicci\u00f3n, Y camino con los rectos a mi Dios. CORO: Cuando en gloria [&hellip;]<\/p>\n","protected":false},"author":1,"featured_media":0,"comment_status":"open","ping_status":"open","sticky":false,"template":"","format":"standard","meta":{"footnotes":""},"categories":[118],"tags":[],"class_list":["post-2448","post","type-post","status-publish","format-standard","hentry","category-iglesia-de-dios-ministerial-de-jesucristo-internacional"],"amp_enabled":true,"_links":{"self":[{"href":"https:\/\/treasurehymns.com\/es\/wp-json\/wp\/v2\/posts\/2448","targetHints":{"allow":["GET"]}}],"collection":[{"href":"https:\/\/treasurehymns.com\/es\/wp-json\/wp\/v2\/posts"}],"about":[{"href":"https:\/\/treasurehymns.com\/es\/wp-json\/wp\/v2\/types\/post"}],"author":[{"embeddable":true,"href":"https:\/\/treasurehymns.com\/es\/wp-json\/wp\/v2\/users\/1"}],"replies":[{"embeddable":true,"href":"https:\/\/treasurehymns.com\/es\/wp-json\/wp\/v2\/comments?post=2448"}],"version-history":[{"count":0,"href":"https:\/\/treasurehymns.com\/es\/wp-json\/wp\/v2\/posts\/2448\/revisions"}],"wp:attachment":[{"href":"https:\/\/treasurehymns.com\/es\/wp-json\/wp\/v2\/media?parent=2448"}],"wp:term":[{"taxonomy":"category","embeddable":true,"href":"https:\/\/treasurehymns.com\/es\/wp-json\/wp\/v2\/categories?post=2448"},{"taxonomy":"post_tag","embeddable":true,"href":"https:\/\/treasurehymns.com\/es\/wp-json\/wp\/v2\/tags?post=2448"}],"curies":[{"name":"wp","href":"https:\/\/api.w.org\/{rel}","templated":true}]}}