{"id":2274,"date":"2025-12-14T19:45:46","date_gmt":"2025-12-14T19:45:46","guid":{"rendered":"https:\/\/treasurehymns.com\/es\/2025\/12\/14\/himno-79-mi-culpa-el-llevo-lirica\/"},"modified":"2025-12-14T19:45:46","modified_gmt":"2025-12-14T19:45:46","slug":"himno-79-mi-culpa-el-llevo-lirica","status":"publish","type":"post","link":"https:\/\/treasurehymns.com\/es\/iglesia-de-dios-ministerial-de-jesucristo-internacional\/himno-79-mi-culpa-el-llevo-lirica\/","title":{"rendered":"Himno 79 MI CULPA \u00c9L LLEV\u00d3  L\u00edrica"},"content":{"rendered":"<p>Iglesia de Dios Ministerial de Jesucristo Internacional<\/p>\n<p>Himno 79 MI CULPA \u00c9L LLEV\u00d3 L\u00edrica<\/p>\n<p>&nbsp;<\/p>\n<p>1<br \/>\nCansado y triste vine al Salvador,<br \/>\nMi culpa \u00c9l llev\u00f3, mi culpa \u00c9l llev\u00f3<br \/>\nMi eterna dicha hall\u00e9 en su amor,<br \/>\nMi culpa \u00c9l llev\u00f3.  <\/p>\n<p>CORO:<br \/>\nMi culpa \u00c9l llev\u00f3, mi culpa \u00c9l llevo,<br \/>\n\u00a1Alegre siempre cantar\u00e9!<br \/>\nAl Se\u00f1or gozoso alabar\u00e9,<br \/>\nPorque \u00c9l me salv\u00f3.  <\/p>\n<p>2<br \/>\nBorrados todos mis pecados son,<br \/>\nMi culpa \u00c9l llev\u00f3, mi culpa \u00c9l llev\u00f3.<br \/>\nA \u00c9l feliz elevo mi canci\u00f3n,<br \/>\nMi culpa \u00c9l llev\u00f3.  <\/p>\n<p>3<br \/>\nYa vivo libre de condenaci\u00f3n,<br \/>\nMi culpa \u00c9l llev\u00f3, mi culpa \u00c9l llev\u00f3.<br \/>\nSu dulce paz tengo en mi coraz\u00f3n,<br \/>\nMi culpa \u00c9l llev\u00f3.  <\/p>\n<p>4<br \/>\nSi vienes hoy a Cristo, pecador,<br \/>\nTu culpa llevar\u00e1, tu culpa llevar\u00e1.<br \/>\nPerd\u00f3n tendr\u00e1s si acudes al Se\u00f1or,<br \/>\nTu culpa llevar\u00e1.  <\/p>\n<p>CORO:<br \/>\nTu culpa llevar\u00e1, tu culpa llevar\u00e1,<br \/>\nY limpiar\u00e1 tu coraz\u00f3n,<br \/>\nY dir\u00e1s feliz en tu canci\u00f3n:<br \/>\n\u00abMi culpa \u00c9l llev\u00f3\u00bb.<\/p>\n","protected":false},"excerpt":{"rendered":"<p>Iglesia de Dios Ministerial de Jesucristo Internacional Himno 79 MI CULPA \u00c9L LLEV\u00d3 L\u00edrica &nbsp; 1 Cansado y triste vine al Salvador, Mi culpa \u00c9l llev\u00f3, mi culpa \u00c9l llev\u00f3 Mi eterna dicha hall\u00e9 en su amor, Mi culpa \u00c9l llev\u00f3. CORO: Mi culpa \u00c9l llev\u00f3, mi culpa \u00c9l llevo, \u00a1Alegre siempre cantar\u00e9! Al Se\u00f1or [&hellip;]<\/p>\n","protected":false},"author":1,"featured_media":0,"comment_status":"open","ping_status":"open","sticky":false,"template":"","format":"standard","meta":{"footnotes":""},"categories":[118],"tags":[],"class_list":["post-2274","post","type-post","status-publish","format-standard","hentry","category-iglesia-de-dios-ministerial-de-jesucristo-internacional"],"amp_enabled":true,"_links":{"self":[{"href":"https:\/\/treasurehymns.com\/es\/wp-json\/wp\/v2\/posts\/2274","targetHints":{"allow":["GET"]}}],"collection":[{"href":"https:\/\/treasurehymns.com\/es\/wp-json\/wp\/v2\/posts"}],"about":[{"href":"https:\/\/treasurehymns.com\/es\/wp-json\/wp\/v2\/types\/post"}],"author":[{"embeddable":true,"href":"https:\/\/treasurehymns.com\/es\/wp-json\/wp\/v2\/users\/1"}],"replies":[{"embeddable":true,"href":"https:\/\/treasurehymns.com\/es\/wp-json\/wp\/v2\/comments?post=2274"}],"version-history":[{"count":0,"href":"https:\/\/treasurehymns.com\/es\/wp-json\/wp\/v2\/posts\/2274\/revisions"}],"wp:attachment":[{"href":"https:\/\/treasurehymns.com\/es\/wp-json\/wp\/v2\/media?parent=2274"}],"wp:term":[{"taxonomy":"category","embeddable":true,"href":"https:\/\/treasurehymns.com\/es\/wp-json\/wp\/v2\/categories?post=2274"},{"taxonomy":"post_tag","embeddable":true,"href":"https:\/\/treasurehymns.com\/es\/wp-json\/wp\/v2\/tags?post=2274"}],"curies":[{"name":"wp","href":"https:\/\/api.w.org\/{rel}","templated":true}]}}