{"id":2140,"date":"2025-12-13T21:09:38","date_gmt":"2025-12-13T21:09:38","guid":{"rendered":"https:\/\/treasurehymns.com\/es\/2025\/12\/13\/himno-378-a-media-noche-en-bethlehem-lirica\/"},"modified":"2025-12-13T21:09:38","modified_gmt":"2025-12-13T21:09:38","slug":"himno-378-a-media-noche-en-bethlehem-lirica","status":"publish","type":"post","link":"https:\/\/treasurehymns.com\/es\/himnario-gracia-y-devocion\/himno-378-a-media-noche-en-bethlehem-lirica\/","title":{"rendered":"himno 378 A Media Noche En Bethlehem L\u00edrica"},"content":{"rendered":"<p>Himnario Gracia y Devoci\u00f3n<\/p>\n<p>himno 378 A Media Noche En Bethlehem L\u00edrica<\/p>\n<p>&nbsp;<\/p>\n<p>1<\/p>\n<p>A media noche en Bethlehem<br \/>\nDe Dios la salvaci\u00f3n<br \/>\nPor los \u00e1ngeles se proclam\u00f3<br \/>\nEn celestial canci\u00f3n.<br \/>\nEn las alturas gloria a Dios,<br \/>\nEl coro tribut\u00f3;<br \/>\nLa paz y buena voluntad<br \/>\nAl mundo pregon\u00f3.<\/p>\n<p>2<\/p>\n<p>El canto de los \u00e1ngeles<br \/>\nHoy se oye resonar;<br \/>\nEl eco dulce encantador<br \/>\nAlivia mi pesar.<br \/>\nY al escuchar con atenci\u00f3n<br \/>\nEl mundo en derredor,<br \/>\nDivina paz recibir\u00e1<br \/>\nDe Cristo el Redentor.<\/p>\n<p>3<\/p>\n<p>Las almas que se encuentran hoy<br \/>\nEn medio del dolor:<br \/>\nSolaz completo sentir\u00e1n<br \/>\nBuscando al Salvador.<br \/>\n\u00a1Oh, que las nuevas del Se\u00f1or<br \/>\nSe extiendan m\u00e1s y m\u00e1s!<br \/>\nQue sepan todos que el Se\u00f1or<br \/>\nHoy brinda dulce paz.<\/p>\n<p>4<\/p>\n<p>Vosotros, llenos de temor<br \/>\nY enhiestos hoy que est\u00e1is,<br \/>\nY que agobiados de dolor<br \/>\nCon paso lento vais.<br \/>\nHoy a descansad y contemplad<br \/>\nLa ang\u00e9lica visi\u00f3n;<br \/>\nAlzad la vista y escuchad<br \/>\nLa c\u00e9lica canci\u00f3n.<\/p>\n","protected":false},"excerpt":{"rendered":"<p>Himnario Gracia y Devoci\u00f3n himno 378 A Media Noche En Bethlehem L\u00edrica &nbsp; 1 A media noche en Bethlehem De Dios la salvaci\u00f3n Por los \u00e1ngeles se proclam\u00f3 En celestial canci\u00f3n. En las alturas gloria a Dios, El coro tribut\u00f3; La paz y buena voluntad Al mundo pregon\u00f3. 2 El canto de los \u00e1ngeles Hoy [&hellip;]<\/p>\n","protected":false},"author":1,"featured_media":0,"comment_status":"open","ping_status":"open","sticky":false,"template":"","format":"standard","meta":{"footnotes":""},"categories":[117],"tags":[],"class_list":["post-2140","post","type-post","status-publish","format-standard","hentry","category-himnario-gracia-y-devocion"],"amp_enabled":true,"_links":{"self":[{"href":"https:\/\/treasurehymns.com\/es\/wp-json\/wp\/v2\/posts\/2140","targetHints":{"allow":["GET"]}}],"collection":[{"href":"https:\/\/treasurehymns.com\/es\/wp-json\/wp\/v2\/posts"}],"about":[{"href":"https:\/\/treasurehymns.com\/es\/wp-json\/wp\/v2\/types\/post"}],"author":[{"embeddable":true,"href":"https:\/\/treasurehymns.com\/es\/wp-json\/wp\/v2\/users\/1"}],"replies":[{"embeddable":true,"href":"https:\/\/treasurehymns.com\/es\/wp-json\/wp\/v2\/comments?post=2140"}],"version-history":[{"count":0,"href":"https:\/\/treasurehymns.com\/es\/wp-json\/wp\/v2\/posts\/2140\/revisions"}],"wp:attachment":[{"href":"https:\/\/treasurehymns.com\/es\/wp-json\/wp\/v2\/media?parent=2140"}],"wp:term":[{"taxonomy":"category","embeddable":true,"href":"https:\/\/treasurehymns.com\/es\/wp-json\/wp\/v2\/categories?post=2140"},{"taxonomy":"post_tag","embeddable":true,"href":"https:\/\/treasurehymns.com\/es\/wp-json\/wp\/v2\/tags?post=2140"}],"curies":[{"name":"wp","href":"https:\/\/api.w.org\/{rel}","templated":true}]}}