{"id":2139,"date":"2025-12-13T21:09:38","date_gmt":"2025-12-13T21:09:38","guid":{"rendered":"https:\/\/treasurehymns.com\/es\/2025\/12\/13\/himno-377-al-mundo-paz-nacio-jesus-lirica\/"},"modified":"2025-12-13T21:09:38","modified_gmt":"2025-12-13T21:09:38","slug":"himno-377-al-mundo-paz-nacio-jesus-lirica","status":"publish","type":"post","link":"https:\/\/treasurehymns.com\/es\/himnario-gracia-y-devocion\/himno-377-al-mundo-paz-nacio-jesus-lirica\/","title":{"rendered":"himno 377 \u00a1 Al Mundo Paz, Naci\u00f3 Jes\u00fas ! L\u00edrica"},"content":{"rendered":"<p>Himnario Gracia y Devoci\u00f3n<\/p>\n<p>himno 377 \u00a1 Al Mundo Paz, Naci\u00f3 Jes\u00fas ! L\u00edrica<\/p>\n<p>&nbsp;<\/p>\n<p>1<\/p>\n<p>\u00a1Al mundo paz, naci\u00f3 Jes\u00fas!<br \/>\nNaci\u00f3 ya nuestro Rey;<br \/>\nEl coraz\u00f3n ya tiene luz,<br \/>\nY paz su santa grey,<br \/>\nY paz su santa grey,<br \/>\nY paz, y paz su santa grey.<\/p>\n<p>2<\/p>\n<p>\u00a1Al mundo Paz, el Salvador<br \/>\nEn tierra reinar\u00e1!<br \/>\nYa es feliz el pecador,<br \/>\nJes\u00fas perd\u00f3n le da,<br \/>\nJes\u00fas perd\u00f3n le da,<br \/>\nJes\u00fas, Jes\u00fas perd\u00f3n le da.<\/p>\n<p>3<\/p>\n<p>Al mundo El gobernar\u00e1<br \/>\nCon gracia y con poder,<br \/>\nA las naciones probar\u00e1<br \/>\nSu amor y su poder,<br \/>\nSu amor y su poder,<br \/>\nSu amor, su amor y su poder.<\/p>\n","protected":false},"excerpt":{"rendered":"<p>Himnario Gracia y Devoci\u00f3n himno 377 \u00a1 Al Mundo Paz, Naci\u00f3 Jes\u00fas ! L\u00edrica &nbsp; 1 \u00a1Al mundo paz, naci\u00f3 Jes\u00fas! Naci\u00f3 ya nuestro Rey; El coraz\u00f3n ya tiene luz, Y paz su santa grey, Y paz su santa grey, Y paz, y paz su santa grey. 2 \u00a1Al mundo Paz, el Salvador En tierra [&hellip;]<\/p>\n","protected":false},"author":1,"featured_media":0,"comment_status":"open","ping_status":"open","sticky":false,"template":"","format":"standard","meta":{"footnotes":""},"categories":[117],"tags":[],"class_list":["post-2139","post","type-post","status-publish","format-standard","hentry","category-himnario-gracia-y-devocion"],"amp_enabled":true,"_links":{"self":[{"href":"https:\/\/treasurehymns.com\/es\/wp-json\/wp\/v2\/posts\/2139","targetHints":{"allow":["GET"]}}],"collection":[{"href":"https:\/\/treasurehymns.com\/es\/wp-json\/wp\/v2\/posts"}],"about":[{"href":"https:\/\/treasurehymns.com\/es\/wp-json\/wp\/v2\/types\/post"}],"author":[{"embeddable":true,"href":"https:\/\/treasurehymns.com\/es\/wp-json\/wp\/v2\/users\/1"}],"replies":[{"embeddable":true,"href":"https:\/\/treasurehymns.com\/es\/wp-json\/wp\/v2\/comments?post=2139"}],"version-history":[{"count":0,"href":"https:\/\/treasurehymns.com\/es\/wp-json\/wp\/v2\/posts\/2139\/revisions"}],"wp:attachment":[{"href":"https:\/\/treasurehymns.com\/es\/wp-json\/wp\/v2\/media?parent=2139"}],"wp:term":[{"taxonomy":"category","embeddable":true,"href":"https:\/\/treasurehymns.com\/es\/wp-json\/wp\/v2\/categories?post=2139"},{"taxonomy":"post_tag","embeddable":true,"href":"https:\/\/treasurehymns.com\/es\/wp-json\/wp\/v2\/tags?post=2139"}],"curies":[{"name":"wp","href":"https:\/\/api.w.org\/{rel}","templated":true}]}}