{"id":2136,"date":"2025-12-13T21:09:38","date_gmt":"2025-12-13T21:09:38","guid":{"rendered":"https:\/\/treasurehymns.com\/es\/2025\/12\/13\/himno-374-pastores-cerca-de-belen-lirica\/"},"modified":"2025-12-13T21:09:38","modified_gmt":"2025-12-13T21:09:38","slug":"himno-374-pastores-cerca-de-belen-lirica","status":"publish","type":"post","link":"https:\/\/treasurehymns.com\/es\/himnario-gracia-y-devocion\/himno-374-pastores-cerca-de-belen-lirica\/","title":{"rendered":"himno 374 Pastores Cerca De Bel\u00e9n L\u00edrica"},"content":{"rendered":"<p>Himnario Gracia y Devoci\u00f3n<\/p>\n<p>himno 374 Pastores Cerca De Bel\u00e9n L\u00edrica<\/p>\n<p>&nbsp;<\/p>\n<p>1<\/p>\n<p>Pastores cerca de Bel\u00e9n<br \/>\nMiraban con temor<br \/>\nAl \u00e1ngel quien les descendi\u00f3<br \/>\nCon grande resplandor,<br \/>\nCon grande resplandor.<\/p>\n<p>2<\/p>\n<p>El dijo a ellos, No tem\u00e1is,<br \/>\nTemieron en verdad:<br \/>\nPues buenas nuevas del Se\u00f1or<br \/>\nTraigo a la humanidad,<br \/>\nTraigo a la humanidad.<\/p>\n<p>3<\/p>\n<p>Os ha nacido hoy en Bel\u00e9n,<br \/>\nY es del linaje real,<br \/>\nEl Salvador, Cristo el Se\u00f1or:<br \/>\nEsta os ser\u00e1 se\u00f1al,<br \/>\nEsta os ser\u00e1 se\u00f1al.<\/p>\n<p>4<\/p>\n<p>Envuelto en pa\u00f1ales hoy<br \/>\nEl Ni\u00f1o encontrar\u00e9is,<br \/>\nEchado en pesebre vil<br \/>\nHumilde le hallar\u00e9is,<br \/>\nHumilde le hallar\u00e9is.<\/p>\n<p>5<\/p>\n<p>El seraf\u00edn hablaba as\u00ed<br \/>\nY luego en alta voz<br \/>\nSe oy\u00f3 celeste multitud<br \/>\nLoor cantando a Dios,<br \/>\nLoor cantando a Dios.<\/p>\n<p>6<\/p>\n<p>En las alturas la gloria a Dios,<br \/>\nEn todo el mundo paz,<br \/>\nY para con los hombres hoy<br \/>\nLa buena voluntad,<br \/>\nLa buena voluntad.<\/p>\n","protected":false},"excerpt":{"rendered":"<p>Himnario Gracia y Devoci\u00f3n himno 374 Pastores Cerca De Bel\u00e9n L\u00edrica &nbsp; 1 Pastores cerca de Bel\u00e9n Miraban con temor Al \u00e1ngel quien les descendi\u00f3 Con grande resplandor, Con grande resplandor. 2 El dijo a ellos, No tem\u00e1is, Temieron en verdad: Pues buenas nuevas del Se\u00f1or Traigo a la humanidad, Traigo a la humanidad. 3 [&hellip;]<\/p>\n","protected":false},"author":1,"featured_media":0,"comment_status":"open","ping_status":"open","sticky":false,"template":"","format":"standard","meta":{"footnotes":""},"categories":[117],"tags":[],"class_list":["post-2136","post","type-post","status-publish","format-standard","hentry","category-himnario-gracia-y-devocion"],"amp_enabled":true,"_links":{"self":[{"href":"https:\/\/treasurehymns.com\/es\/wp-json\/wp\/v2\/posts\/2136","targetHints":{"allow":["GET"]}}],"collection":[{"href":"https:\/\/treasurehymns.com\/es\/wp-json\/wp\/v2\/posts"}],"about":[{"href":"https:\/\/treasurehymns.com\/es\/wp-json\/wp\/v2\/types\/post"}],"author":[{"embeddable":true,"href":"https:\/\/treasurehymns.com\/es\/wp-json\/wp\/v2\/users\/1"}],"replies":[{"embeddable":true,"href":"https:\/\/treasurehymns.com\/es\/wp-json\/wp\/v2\/comments?post=2136"}],"version-history":[{"count":0,"href":"https:\/\/treasurehymns.com\/es\/wp-json\/wp\/v2\/posts\/2136\/revisions"}],"wp:attachment":[{"href":"https:\/\/treasurehymns.com\/es\/wp-json\/wp\/v2\/media?parent=2136"}],"wp:term":[{"taxonomy":"category","embeddable":true,"href":"https:\/\/treasurehymns.com\/es\/wp-json\/wp\/v2\/categories?post=2136"},{"taxonomy":"post_tag","embeddable":true,"href":"https:\/\/treasurehymns.com\/es\/wp-json\/wp\/v2\/tags?post=2136"}],"curies":[{"name":"wp","href":"https:\/\/api.w.org\/{rel}","templated":true}]}}