{"id":2093,"date":"2025-12-13T21:09:36","date_gmt":"2025-12-13T21:09:36","guid":{"rendered":"https:\/\/treasurehymns.com\/es\/2025\/12\/13\/himno-331-anos-mi-alma-en-vanidad-vivio-lirica\/"},"modified":"2025-12-13T21:09:36","modified_gmt":"2025-12-13T21:09:36","slug":"himno-331-anos-mi-alma-en-vanidad-vivio-lirica","status":"publish","type":"post","link":"https:\/\/treasurehymns.com\/es\/himnario-gracia-y-devocion\/himno-331-anos-mi-alma-en-vanidad-vivio-lirica\/","title":{"rendered":"himno 331 A\u00f1os Mi Alma En Vanidad Vivi\u00f3 L\u00edrica"},"content":{"rendered":"<p>Himnario Gracia y Devoci\u00f3n<\/p>\n<p>himno 331 A\u00f1os Mi Alma En Vanidad Vivi\u00f3 L\u00edrica<\/p>\n<p>&nbsp;<\/p>\n<p>1<\/p>\n<p>A\u00f1os mi alma en vanidad vivi\u00f3,<br \/>\nIgnorando a quien por m\u00ed sufri\u00f3,<br \/>\nO que en el Calvario sucumbi\u00f3,<br \/>\nEl Salvador.<\/p>\n<p>0<\/p>\n<p>Mi alma all\u00ed divina gracia hall\u00f3,<br \/>\nDios all\u00ed perd\u00f3n y paz me dio,<br \/>\nDel pecado all\u00ed me libert\u00f3,<br \/>\nEl Salvador.<\/p>\n<p>2<\/p>\n<p>En la Biblia leo que pequ\u00e9,<br \/>\nY su ley divina quebrant\u00e9;<br \/>\nMi alma entonces contempl\u00f3 con fe<br \/>\nAl Salvador.<\/p>\n<p>3<\/p>\n<p>Toda mi alma a Cristo le entregu\u00e9,<br \/>\nHoy le sirvo y honro como a Rey,<br \/>\nPor los siglos siempre cantar\u00e9<br \/>\nAl Salvador.<\/p>\n<p>4<\/p>\n<p>En la cruz su amor Dios demostr\u00f3<br \/>\nY de gracia al hombre revisti\u00f3,<br \/>\nCuando por nosotros se entreg\u00f3,<br \/>\nEl Salvador<\/p>\n","protected":false},"excerpt":{"rendered":"<p>Himnario Gracia y Devoci\u00f3n himno 331 A\u00f1os Mi Alma En Vanidad Vivi\u00f3 L\u00edrica &nbsp; 1 A\u00f1os mi alma en vanidad vivi\u00f3, Ignorando a quien por m\u00ed sufri\u00f3, O que en el Calvario sucumbi\u00f3, El Salvador. 0 Mi alma all\u00ed divina gracia hall\u00f3, Dios all\u00ed perd\u00f3n y paz me dio, Del pecado all\u00ed me libert\u00f3, El [&hellip;]<\/p>\n","protected":false},"author":1,"featured_media":0,"comment_status":"open","ping_status":"open","sticky":false,"template":"","format":"standard","meta":{"footnotes":""},"categories":[117],"tags":[],"class_list":["post-2093","post","type-post","status-publish","format-standard","hentry","category-himnario-gracia-y-devocion"],"amp_enabled":true,"_links":{"self":[{"href":"https:\/\/treasurehymns.com\/es\/wp-json\/wp\/v2\/posts\/2093","targetHints":{"allow":["GET"]}}],"collection":[{"href":"https:\/\/treasurehymns.com\/es\/wp-json\/wp\/v2\/posts"}],"about":[{"href":"https:\/\/treasurehymns.com\/es\/wp-json\/wp\/v2\/types\/post"}],"author":[{"embeddable":true,"href":"https:\/\/treasurehymns.com\/es\/wp-json\/wp\/v2\/users\/1"}],"replies":[{"embeddable":true,"href":"https:\/\/treasurehymns.com\/es\/wp-json\/wp\/v2\/comments?post=2093"}],"version-history":[{"count":0,"href":"https:\/\/treasurehymns.com\/es\/wp-json\/wp\/v2\/posts\/2093\/revisions"}],"wp:attachment":[{"href":"https:\/\/treasurehymns.com\/es\/wp-json\/wp\/v2\/media?parent=2093"}],"wp:term":[{"taxonomy":"category","embeddable":true,"href":"https:\/\/treasurehymns.com\/es\/wp-json\/wp\/v2\/categories?post=2093"},{"taxonomy":"post_tag","embeddable":true,"href":"https:\/\/treasurehymns.com\/es\/wp-json\/wp\/v2\/tags?post=2093"}],"curies":[{"name":"wp","href":"https:\/\/api.w.org\/{rel}","templated":true}]}}