{"id":2012,"date":"2025-12-13T21:09:30","date_gmt":"2025-12-13T21:09:30","guid":{"rendered":"https:\/\/treasurehymns.com\/es\/2025\/12\/13\/himno-250-pertenezco-a-mi-rey-lirica\/"},"modified":"2025-12-13T21:09:30","modified_gmt":"2025-12-13T21:09:30","slug":"himno-250-pertenezco-a-mi-rey-lirica","status":"publish","type":"post","link":"https:\/\/treasurehymns.com\/es\/himnario-gracia-y-devocion\/himno-250-pertenezco-a-mi-rey-lirica\/","title":{"rendered":"himno 250 Pertenezco A Mi Rey L\u00edrica"},"content":{"rendered":"<p>Himnario Gracia y Devoci\u00f3n<\/p>\n<p>himno 250 Pertenezco A Mi Rey L\u00edrica<\/p>\n<p>&nbsp;<\/p>\n<p>1<\/p>\n<p>Pertenezco a mi Rey,<br \/>\nhijo soy de su amor<br \/>\ny a sus regias moradas ir\u00e9;<br \/>\nsus delicias sin fin revel\u00f3me el Se\u00f1or<br \/>\ny un lugar con sus hijos tendr\u00e9.<\/p>\n<p>0<\/p>\n<p>Pertenezco a mi Rey, hijo soy de su amor,<br \/>\nY a los suyos jam\u00e1s olvid\u00f3;<br \/>\nEn su regia mansi\u00f3n he de ver al Se\u00f1or,<br \/>\nY a su lado feliz vivir\u00e9.<\/p>\n<p>2<\/p>\n<p>Pertenezco a mi Rey, y que me ama, lo s\u00e9:<br \/>\nY sus dones de amor celestial<br \/>\nPor doquiera que voy sin cesar hallar\u00e9<br \/>\nComo pruebas de amor sin igual.<\/p>\n<p>3<\/p>\n<p>Pertenezco a mi Rey, y no dudo jam\u00e1s<br \/>\nQue reunidos los suyos ser\u00e1n;<br \/>\nEn la Sion celestial, la morada de paz,<br \/>\nDo pesares jam\u00e1s se hallar\u00e1n.<\/p>\n","protected":false},"excerpt":{"rendered":"<p>Himnario Gracia y Devoci\u00f3n himno 250 Pertenezco A Mi Rey L\u00edrica &nbsp; 1 Pertenezco a mi Rey, hijo soy de su amor y a sus regias moradas ir\u00e9; sus delicias sin fin revel\u00f3me el Se\u00f1or y un lugar con sus hijos tendr\u00e9. 0 Pertenezco a mi Rey, hijo soy de su amor, Y a los [&hellip;]<\/p>\n","protected":false},"author":1,"featured_media":0,"comment_status":"open","ping_status":"open","sticky":false,"template":"","format":"standard","meta":{"footnotes":""},"categories":[117],"tags":[],"class_list":["post-2012","post","type-post","status-publish","format-standard","hentry","category-himnario-gracia-y-devocion"],"amp_enabled":true,"_links":{"self":[{"href":"https:\/\/treasurehymns.com\/es\/wp-json\/wp\/v2\/posts\/2012","targetHints":{"allow":["GET"]}}],"collection":[{"href":"https:\/\/treasurehymns.com\/es\/wp-json\/wp\/v2\/posts"}],"about":[{"href":"https:\/\/treasurehymns.com\/es\/wp-json\/wp\/v2\/types\/post"}],"author":[{"embeddable":true,"href":"https:\/\/treasurehymns.com\/es\/wp-json\/wp\/v2\/users\/1"}],"replies":[{"embeddable":true,"href":"https:\/\/treasurehymns.com\/es\/wp-json\/wp\/v2\/comments?post=2012"}],"version-history":[{"count":0,"href":"https:\/\/treasurehymns.com\/es\/wp-json\/wp\/v2\/posts\/2012\/revisions"}],"wp:attachment":[{"href":"https:\/\/treasurehymns.com\/es\/wp-json\/wp\/v2\/media?parent=2012"}],"wp:term":[{"taxonomy":"category","embeddable":true,"href":"https:\/\/treasurehymns.com\/es\/wp-json\/wp\/v2\/categories?post=2012"},{"taxonomy":"post_tag","embeddable":true,"href":"https:\/\/treasurehymns.com\/es\/wp-json\/wp\/v2\/tags?post=2012"}],"curies":[{"name":"wp","href":"https:\/\/api.w.org\/{rel}","templated":true}]}}