{"id":1930,"date":"2025-12-13T21:09:24","date_gmt":"2025-12-13T21:09:24","guid":{"rendered":"https:\/\/treasurehymns.com\/es\/2025\/12\/13\/himno-168-dime-la-historia-de-cristo-lirica\/"},"modified":"2025-12-13T21:09:24","modified_gmt":"2025-12-13T21:09:24","slug":"himno-168-dime-la-historia-de-cristo-lirica","status":"publish","type":"post","link":"https:\/\/treasurehymns.com\/es\/himnario-gracia-y-devocion\/himno-168-dime-la-historia-de-cristo-lirica\/","title":{"rendered":"himno 168 Dime La Historia De Cristo L\u00edrica"},"content":{"rendered":"<p>Himnario Gracia y Devoci\u00f3n<\/p>\n<p>himno 168 Dime La Historia De Cristo L\u00edrica<\/p>\n<p>&nbsp;<\/p>\n<p>1<\/p>\n<p>Dime la historia de Cristo<br \/>\nGr\u00e1bala en mi coraz\u00f3n:<br \/>\nDime la historia preciosa:<br \/>\n\u00a1Cu\u00e1n melodioso es su son!<br \/>\nD\u00ed c\u00f3mo cuando nac\u00eda,<br \/>\nAngeles con dulce voz<br \/>\n\u201cPaz en la tierra\u201d cantaron<br \/>\n\u201c Y en las alturas gloria a Dios.\u201d<\/p>\n<p>0<\/p>\n<p>Dime la historia de Cristo<br \/>\nGr\u00e1bala en mi coraz\u00f3n;<br \/>\nDime la historia preciosa<br \/>\n\u00a1Cu\u00e1n melodioso es su son!<\/p>\n<p>2<\/p>\n<p>Dime del tiempo en que a solas<br \/>\nEn el desierto se hall\u00f3;<br \/>\nDe Satan\u00e1s fue tentado,<br \/>\nMas con poder le venci\u00f3.<br \/>\nDime de todas sus obras,<br \/>\nDe su tristeza y dolor,<br \/>\nPues sin hogar, despreciado<br \/>\nAnduvo nuestro Salvador.<\/p>\n<p>3<\/p>\n<p>D\u00ed cuando crucificado<br \/>\nEl por nosotros muri\u00f3<br \/>\nY del sepulcro sellado<br \/>\nD\u00ed c\u00f3mo resucit\u00f3.<br \/>\nEn esa historia tan tierna<br \/>\nMiro las pruebas de amor,<br \/>\nMi redenci\u00f3n ha comprado<br \/>\nEl bondadoso Salvador.<\/p>\n","protected":false},"excerpt":{"rendered":"<p>Himnario Gracia y Devoci\u00f3n himno 168 Dime La Historia De Cristo L\u00edrica &nbsp; 1 Dime la historia de Cristo Gr\u00e1bala en mi coraz\u00f3n: Dime la historia preciosa: \u00a1Cu\u00e1n melodioso es su son! D\u00ed c\u00f3mo cuando nac\u00eda, Angeles con dulce voz \u201cPaz en la tierra\u201d cantaron \u201c Y en las alturas gloria a Dios.\u201d 0 Dime [&hellip;]<\/p>\n","protected":false},"author":1,"featured_media":0,"comment_status":"open","ping_status":"open","sticky":false,"template":"","format":"standard","meta":{"footnotes":""},"categories":[117],"tags":[],"class_list":["post-1930","post","type-post","status-publish","format-standard","hentry","category-himnario-gracia-y-devocion"],"amp_enabled":true,"_links":{"self":[{"href":"https:\/\/treasurehymns.com\/es\/wp-json\/wp\/v2\/posts\/1930","targetHints":{"allow":["GET"]}}],"collection":[{"href":"https:\/\/treasurehymns.com\/es\/wp-json\/wp\/v2\/posts"}],"about":[{"href":"https:\/\/treasurehymns.com\/es\/wp-json\/wp\/v2\/types\/post"}],"author":[{"embeddable":true,"href":"https:\/\/treasurehymns.com\/es\/wp-json\/wp\/v2\/users\/1"}],"replies":[{"embeddable":true,"href":"https:\/\/treasurehymns.com\/es\/wp-json\/wp\/v2\/comments?post=1930"}],"version-history":[{"count":0,"href":"https:\/\/treasurehymns.com\/es\/wp-json\/wp\/v2\/posts\/1930\/revisions"}],"wp:attachment":[{"href":"https:\/\/treasurehymns.com\/es\/wp-json\/wp\/v2\/media?parent=1930"}],"wp:term":[{"taxonomy":"category","embeddable":true,"href":"https:\/\/treasurehymns.com\/es\/wp-json\/wp\/v2\/categories?post=1930"},{"taxonomy":"post_tag","embeddable":true,"href":"https:\/\/treasurehymns.com\/es\/wp-json\/wp\/v2\/tags?post=1930"}],"curies":[{"name":"wp","href":"https:\/\/api.w.org\/{rel}","templated":true}]}}