{"id":1838,"date":"2025-12-13T21:09:14","date_gmt":"2025-12-13T21:09:14","guid":{"rendered":"https:\/\/treasurehymns.com\/es\/2025\/12\/13\/himno-79-meditad-lirica\/"},"modified":"2025-12-13T21:09:14","modified_gmt":"2025-12-13T21:09:14","slug":"himno-79-meditad-lirica","status":"publish","type":"post","link":"https:\/\/treasurehymns.com\/es\/himnario-gracia-y-devocion\/himno-79-meditad-lirica\/","title":{"rendered":"himno 79 Meditad L\u00edrica"},"content":{"rendered":"<p>Himnario Gracia y Devoci\u00f3n<\/p>\n<p>himno 79 Meditad L\u00edrica<\/p>\n<p>&nbsp;<\/p>\n<p>1<\/p>\n<p>Meditad en que hay un hogar<br \/>\nEn la margen del r\u00edo de luz,<br \/>\nDonde van para siempre a gozar<br \/>\nLos creyentes en Cristo Jes\u00fas.<\/p>\n<p>0<\/p>\n<p>M\u00e1s all\u00e1, m\u00e1s all\u00e1,<br \/>\nMeditad en que hay un hogar,<br \/>\nM\u00e1s all\u00e1, m\u00e1s all\u00e1, m\u00e1s all\u00e1,<br \/>\nEn la margen del r\u00edo de luz.<\/p>\n<p>2<\/p>\n<p>Meditad en que amigos ten\u00e9is,<br \/>\nDe los cuales marchamos en pos,<br \/>\nY pensad en que al fin los ver\u00e9is,<br \/>\nEn el alto palacio de Dios.<\/p>\n<p>0<\/p>\n<p>M\u00e1s all\u00e1, m\u00e1s all\u00e1,<br \/>\nMeditad en que amigos ten\u00e9is,<br \/>\nM\u00e1s all\u00e1, m\u00e1s all\u00e1,<br \/>\nDe los cuales marchamos en pos.<\/p>\n<p>3<\/p>\n<p>En que mora Jes\u00fas meditad,<br \/>\nDonde seres que amamos est\u00e1n,<br \/>\nY a la patria bendita volad<br \/>\nSin angustias, temores ni af\u00e1n.<\/p>\n<p>0<\/p>\n<p>M\u00e1s all\u00e1, m\u00e1s all\u00e1,<br \/>\nEn que mora Jes\u00fas meditad,<br \/>\nM\u00e1s all\u00e1, m\u00e1s all\u00e1, m\u00e1s all\u00e1,<br \/>\nDonde seres que amamos est\u00e1n.<\/p>\n<p>4<\/p>\n<p>Reunido a los m\u00edos ser\u00e9,<br \/>\nMi carrera a su fin toca ya;<br \/>\nY en mi hogar celestial entrar\u00e9,<br \/>\nDo mi alma reposo tendr\u00e1.<\/p>\n<p>0<\/p>\n<p>M\u00e1s all\u00e1, m\u00e1s all\u00e1,<br \/>\nReunido a los m\u00edos ser\u00e9,<br \/>\nM\u00e1s all\u00e1, m\u00e1s all\u00e1, m\u00e1s all\u00e1,<br \/>\nMi carrera a su fin toca ya.<\/p>\n","protected":false},"excerpt":{"rendered":"<p>Himnario Gracia y Devoci\u00f3n himno 79 Meditad L\u00edrica &nbsp; 1 Meditad en que hay un hogar En la margen del r\u00edo de luz, Donde van para siempre a gozar Los creyentes en Cristo Jes\u00fas. 0 M\u00e1s all\u00e1, m\u00e1s all\u00e1, Meditad en que hay un hogar, M\u00e1s all\u00e1, m\u00e1s all\u00e1, m\u00e1s all\u00e1, En la margen del [&hellip;]<\/p>\n","protected":false},"author":1,"featured_media":0,"comment_status":"open","ping_status":"open","sticky":false,"template":"","format":"standard","meta":{"footnotes":""},"categories":[117],"tags":[],"class_list":["post-1838","post","type-post","status-publish","format-standard","hentry","category-himnario-gracia-y-devocion"],"amp_enabled":true,"_links":{"self":[{"href":"https:\/\/treasurehymns.com\/es\/wp-json\/wp\/v2\/posts\/1838","targetHints":{"allow":["GET"]}}],"collection":[{"href":"https:\/\/treasurehymns.com\/es\/wp-json\/wp\/v2\/posts"}],"about":[{"href":"https:\/\/treasurehymns.com\/es\/wp-json\/wp\/v2\/types\/post"}],"author":[{"embeddable":true,"href":"https:\/\/treasurehymns.com\/es\/wp-json\/wp\/v2\/users\/1"}],"replies":[{"embeddable":true,"href":"https:\/\/treasurehymns.com\/es\/wp-json\/wp\/v2\/comments?post=1838"}],"version-history":[{"count":0,"href":"https:\/\/treasurehymns.com\/es\/wp-json\/wp\/v2\/posts\/1838\/revisions"}],"wp:attachment":[{"href":"https:\/\/treasurehymns.com\/es\/wp-json\/wp\/v2\/media?parent=1838"}],"wp:term":[{"taxonomy":"category","embeddable":true,"href":"https:\/\/treasurehymns.com\/es\/wp-json\/wp\/v2\/categories?post=1838"},{"taxonomy":"post_tag","embeddable":true,"href":"https:\/\/treasurehymns.com\/es\/wp-json\/wp\/v2\/tags?post=1838"}],"curies":[{"name":"wp","href":"https:\/\/api.w.org\/{rel}","templated":true}]}}