{"id":1726,"date":"2025-12-13T21:06:07","date_gmt":"2025-12-13T21:06:07","guid":{"rendered":"https:\/\/treasurehymns.com\/es\/2025\/12\/13\/himno-507-en-la-celica-morada-lirica\/"},"modified":"2025-12-13T21:06:07","modified_gmt":"2025-12-13T21:06:07","slug":"himno-507-en-la-celica-morada-lirica","status":"publish","type":"post","link":"https:\/\/treasurehymns.com\/es\/antiguo-himnario-adventista\/himno-507-en-la-celica-morada-lirica\/","title":{"rendered":"himno 507 En la c\u00e9l\u00edca morada L\u00edrica"},"content":{"rendered":"<h2>Antiguo himnario adventista<\/h2>\n<h2>himno 507 En la c\u00e9l\u00edca morada L\u00edrica<\/h2>\n<p>&nbsp;<\/p>\n<p>1.<br \/>\nEn la c\u00e9lica morada<br \/>\nde las cumbres del Ed\u00e9n,<br \/>\ndonde toda voz ensalza<br \/>\nal Autor de todo bien,<br \/>\n\u00bfel pesar recordaremos,<br \/>\ny la triste nublaz\u00f3n,<br \/>\ntantas luchas del Esp\u00edritu<br \/>\ncon el d\u00e9bil coraz\u00f3n?<br \/>\nCoro<br \/>\nS\u00ed, all\u00ed ser\u00e1 grat\u00eds\u00edmo<br \/>\nconocer y alabar<br \/>\nal Pastor fiel y ben\u00e9fico<br \/>\nque nos ayud\u00f3 a llegar.<br \/>\n2.<br \/>\nOraci\u00f3n, deberes, penas,<br \/>\nv\u00edas que anduvimos ya,<br \/>\nposeyendo las riquezas<br \/>\nque Jes\u00fas nos guarda all\u00e1,<br \/>\n\u00bfla memoria retendremos<br \/>\ndel pret\u00e9rito dolor,<br \/>\ndel camino largo, asp\u00e9rrimo,<br \/>\ncon sus luchas, su temor?<br \/>\n3.<br \/>\nLa bondad con que nos mira<br \/>\nsin cansarse cuando ve<br \/>\npoco fruto en nuestra vida,<br \/>\ny tan d\u00e9bil nuestra fe,<br \/>\n\u00bfnos acordaremos de ella<br \/>\nen aquel dichoso hogar,<br \/>\nde eternal aurora espl\u00e9ndida<br \/>\ne inefable bienestar?<\/p>\n","protected":false},"excerpt":{"rendered":"<p>Antiguo himnario adventista himno 507 En la c\u00e9l\u00edca morada L\u00edrica &nbsp; 1. En la c\u00e9lica morada de las cumbres del Ed\u00e9n, donde toda voz ensalza al Autor de todo bien, \u00bfel pesar recordaremos, y la triste nublaz\u00f3n, tantas luchas del Esp\u00edritu con el d\u00e9bil coraz\u00f3n? Coro S\u00ed, all\u00ed ser\u00e1 grat\u00eds\u00edmo conocer y alabar al Pastor [&hellip;]<\/p>\n","protected":false},"author":1,"featured_media":0,"comment_status":"open","ping_status":"open","sticky":false,"template":"","format":"standard","meta":{"footnotes":""},"categories":[116],"tags":[],"class_list":["post-1726","post","type-post","status-publish","format-standard","hentry","category-antiguo-himnario-adventista"],"amp_enabled":true,"_links":{"self":[{"href":"https:\/\/treasurehymns.com\/es\/wp-json\/wp\/v2\/posts\/1726","targetHints":{"allow":["GET"]}}],"collection":[{"href":"https:\/\/treasurehymns.com\/es\/wp-json\/wp\/v2\/posts"}],"about":[{"href":"https:\/\/treasurehymns.com\/es\/wp-json\/wp\/v2\/types\/post"}],"author":[{"embeddable":true,"href":"https:\/\/treasurehymns.com\/es\/wp-json\/wp\/v2\/users\/1"}],"replies":[{"embeddable":true,"href":"https:\/\/treasurehymns.com\/es\/wp-json\/wp\/v2\/comments?post=1726"}],"version-history":[{"count":0,"href":"https:\/\/treasurehymns.com\/es\/wp-json\/wp\/v2\/posts\/1726\/revisions"}],"wp:attachment":[{"href":"https:\/\/treasurehymns.com\/es\/wp-json\/wp\/v2\/media?parent=1726"}],"wp:term":[{"taxonomy":"category","embeddable":true,"href":"https:\/\/treasurehymns.com\/es\/wp-json\/wp\/v2\/categories?post=1726"},{"taxonomy":"post_tag","embeddable":true,"href":"https:\/\/treasurehymns.com\/es\/wp-json\/wp\/v2\/tags?post=1726"}],"curies":[{"name":"wp","href":"https:\/\/api.w.org\/{rel}","templated":true}]}}