{"id":1460,"date":"2025-12-13T21:05:54","date_gmt":"2025-12-13T21:05:54","guid":{"rendered":"https:\/\/treasurehymns.com\/es\/2025\/12\/13\/himno-381-despertad-despertad-oh-cristianos-lirica\/"},"modified":"2025-12-13T21:05:54","modified_gmt":"2025-12-13T21:05:54","slug":"himno-381-despertad-despertad-oh-cristianos-lirica","status":"publish","type":"post","link":"https:\/\/treasurehymns.com\/es\/antiguo-himnario-adventista\/himno-381-despertad-despertad-oh-cristianos-lirica\/","title":{"rendered":"himno 381 \u00a1Despertad, despertad, oh cristianos! L\u00edrica"},"content":{"rendered":"<h2>Antiguo himnario adventista<\/h2>\n<h2>himno 381 \u00a1Despertad, despertad, oh cristianos! L\u00edrica<\/h2>\n<p>&nbsp;<\/p>\n<p>1.<br \/>\n\u00a1 Despertad, despertad, oh cristianos!<br \/>\nVuestro sue\u00f1o funesto dejad;<br \/>\nque el cr\u00fcel enemigo os acecha,<br \/>\ny cautivos os quiere llevar. \u00a1Despertad!,<br \/>\nlas tinieblas pasaron;<br \/>\nde la noche no sois hijos y a,<br \/>\nmas lo sois de la luz y del d\u00eda,<br \/>\ny ten\u00e9is el deber de luchar.<br \/>\n2.<br \/>\nDespertad y bru\u00f1id vuestras armas,<br \/>\nvuestros lomos ce\u00f1id de verdad,<br \/>\ny calzad vuestros pies, aprestados<br \/>\ncon el grato Evangelio de paz.<br \/>\nBasta ya de profundas tinieblas,<br \/>\nbasta ya de pereza mortal;<br \/>\n\u00a1revestid, revestid vuestro pecho<br \/>\ncon la cota de fe y caridad!<br \/>\n3.<br \/>\nLa gloriosa armadura de Cristo<br \/>\nacudid con valor a tomar,<br \/>\nconfiando en que el dardo enemigo<br \/>\nimpotente se ha de quebrar.<br \/>\n\u00a1Oh cristianos, antorchas del mundo!,<br \/>\nde esperanza el yelmo tomad,<br \/>\nembrazad de la fe el escudo,<br \/>\ny sin miedo corred a luchar.<br \/>\n4.<br \/>\nNo tem\u00e1is, pues de Dios revestidos,<br \/>\n\u00bfque enemigo venceros podr\u00e1,<br \/>\nsi tom\u00e1is por espada la Biblia,<br \/>\nla Palabra del Dios de verdad?<br \/>\nEn la cruz hallar\u00e9is la bandera,<br \/>\nen Jes\u00fas hallar\u00e9is Capit\u00e1n;<br \/>\nen el cielo obtendr\u00e9is la Corona:<br \/>\n\u00a1A luchar! \u00a1A luchar! \u00a1A luchar!<\/p>\n","protected":false},"excerpt":{"rendered":"<p>Antiguo himnario adventista himno 381 \u00a1Despertad, despertad, oh cristianos! L\u00edrica &nbsp; 1. \u00a1 Despertad, despertad, oh cristianos! Vuestro sue\u00f1o funesto dejad; que el cr\u00fcel enemigo os acecha, y cautivos os quiere llevar. \u00a1Despertad!, las tinieblas pasaron; de la noche no sois hijos y a, mas lo sois de la luz y del d\u00eda, y ten\u00e9is [&hellip;]<\/p>\n","protected":false},"author":1,"featured_media":0,"comment_status":"open","ping_status":"open","sticky":false,"template":"","format":"standard","meta":{"footnotes":""},"categories":[116],"tags":[],"class_list":["post-1460","post","type-post","status-publish","format-standard","hentry","category-antiguo-himnario-adventista"],"amp_enabled":true,"_links":{"self":[{"href":"https:\/\/treasurehymns.com\/es\/wp-json\/wp\/v2\/posts\/1460","targetHints":{"allow":["GET"]}}],"collection":[{"href":"https:\/\/treasurehymns.com\/es\/wp-json\/wp\/v2\/posts"}],"about":[{"href":"https:\/\/treasurehymns.com\/es\/wp-json\/wp\/v2\/types\/post"}],"author":[{"embeddable":true,"href":"https:\/\/treasurehymns.com\/es\/wp-json\/wp\/v2\/users\/1"}],"replies":[{"embeddable":true,"href":"https:\/\/treasurehymns.com\/es\/wp-json\/wp\/v2\/comments?post=1460"}],"version-history":[{"count":0,"href":"https:\/\/treasurehymns.com\/es\/wp-json\/wp\/v2\/posts\/1460\/revisions"}],"wp:attachment":[{"href":"https:\/\/treasurehymns.com\/es\/wp-json\/wp\/v2\/media?parent=1460"}],"wp:term":[{"taxonomy":"category","embeddable":true,"href":"https:\/\/treasurehymns.com\/es\/wp-json\/wp\/v2\/categories?post=1460"},{"taxonomy":"post_tag","embeddable":true,"href":"https:\/\/treasurehymns.com\/es\/wp-json\/wp\/v2\/tags?post=1460"}],"curies":[{"name":"wp","href":"https:\/\/api.w.org\/{rel}","templated":true}]}}