{"id":1349,"date":"2025-12-13T21:05:46","date_gmt":"2025-12-13T21:05:46","guid":{"rendered":"https:\/\/treasurehymns.com\/es\/2025\/12\/13\/himno-330-feliz-el-dia-en-que-escogi-lirica\/"},"modified":"2025-12-13T21:05:46","modified_gmt":"2025-12-13T21:05:46","slug":"himno-330-feliz-el-dia-en-que-escogi-lirica","status":"publish","type":"post","link":"https:\/\/treasurehymns.com\/es\/antiguo-himnario-adventista\/himno-330-feliz-el-dia-en-que-escogi-lirica\/","title":{"rendered":"himno 330 \u00a1Feliz el d\u00eda en que escog\u00ed L\u00edrica"},"content":{"rendered":"<h2>Antiguo himnario adventista<\/h2>\n<h2>himno 330 \u00a1Feliz el d\u00eda en que escog\u00ed L\u00edrica<\/h2>\n<p>&nbsp;<\/p>\n<p>1.<br \/>\n\u00a1Feliz el d\u00eda en que escog\u00ed<br \/>\nservirte, mi Se\u00f1or y Dios!<br \/>\nPreciso es que mi gozo en ti<br \/>\nlo muestre hoy con obra y voz.<br \/>\nCoro<br \/>\n\u00a1Soy feliz! \u00a1Soy feliz!<br \/>\nY en su favor me gozar\u00e9.<br \/>\nEn libertad y luz me vi<br \/>\ncuando triunf\u00f3 en mi la fe,<br \/>\ny el raudal carmes\u00ed,<br \/>\nsalud de mi alma enferma fue.<br \/>\n2.<br \/>\nDel mundo oscuro ya sal\u00ed:<br \/>\nde Cristo soy y m\u00edo es \u00e9l;<br \/>\nsus sendas con placer segu\u00ed,<br \/>\nresuelto a serle siempre fiel.<br \/>\n3.<br \/>\nReposa, d\u00e9bil coraz\u00f3n,<br \/>\na tus contiendas por ya fin;<br \/>\ntendr\u00e1s m\u00e1s noble posesi\u00f3n<br \/>\ny parte en superior fest\u00edn.<\/p>\n","protected":false},"excerpt":{"rendered":"<p>Antiguo himnario adventista himno 330 \u00a1Feliz el d\u00eda en que escog\u00ed L\u00edrica &nbsp; 1. \u00a1Feliz el d\u00eda en que escog\u00ed servirte, mi Se\u00f1or y Dios! Preciso es que mi gozo en ti lo muestre hoy con obra y voz. Coro \u00a1Soy feliz! \u00a1Soy feliz! Y en su favor me gozar\u00e9. En libertad y luz me [&hellip;]<\/p>\n","protected":false},"author":1,"featured_media":0,"comment_status":"open","ping_status":"open","sticky":false,"template":"","format":"standard","meta":{"footnotes":""},"categories":[116],"tags":[],"class_list":["post-1349","post","type-post","status-publish","format-standard","hentry","category-antiguo-himnario-adventista"],"amp_enabled":true,"_links":{"self":[{"href":"https:\/\/treasurehymns.com\/es\/wp-json\/wp\/v2\/posts\/1349","targetHints":{"allow":["GET"]}}],"collection":[{"href":"https:\/\/treasurehymns.com\/es\/wp-json\/wp\/v2\/posts"}],"about":[{"href":"https:\/\/treasurehymns.com\/es\/wp-json\/wp\/v2\/types\/post"}],"author":[{"embeddable":true,"href":"https:\/\/treasurehymns.com\/es\/wp-json\/wp\/v2\/users\/1"}],"replies":[{"embeddable":true,"href":"https:\/\/treasurehymns.com\/es\/wp-json\/wp\/v2\/comments?post=1349"}],"version-history":[{"count":0,"href":"https:\/\/treasurehymns.com\/es\/wp-json\/wp\/v2\/posts\/1349\/revisions"}],"wp:attachment":[{"href":"https:\/\/treasurehymns.com\/es\/wp-json\/wp\/v2\/media?parent=1349"}],"wp:term":[{"taxonomy":"category","embeddable":true,"href":"https:\/\/treasurehymns.com\/es\/wp-json\/wp\/v2\/categories?post=1349"},{"taxonomy":"post_tag","embeddable":true,"href":"https:\/\/treasurehymns.com\/es\/wp-json\/wp\/v2\/tags?post=1349"}],"curies":[{"name":"wp","href":"https:\/\/api.w.org\/{rel}","templated":true}]}}