{"id":1324,"date":"2025-12-13T21:05:44","date_gmt":"2025-12-13T21:05:44","guid":{"rendered":"https:\/\/treasurehymns.com\/es\/2025\/12\/13\/himno-319-un-dia-yo-he-de-faltar-lirica\/"},"modified":"2025-12-13T21:05:44","modified_gmt":"2025-12-13T21:05:44","slug":"himno-319-un-dia-yo-he-de-faltar-lirica","status":"publish","type":"post","link":"https:\/\/treasurehymns.com\/es\/antiguo-himnario-adventista\/himno-319-un-dia-yo-he-de-faltar-lirica\/","title":{"rendered":"himno 319 Un d\u00eda yo he de faltar L\u00edrica"},"content":{"rendered":"<h2>Antiguo himnario adventista<\/h2>\n<h2>himno 319 Un d\u00eda yo he de faltar L\u00edrica<\/h2>\n<p>&nbsp;<\/p>\n<p>1.<br \/>\nUn d\u00eda yo he de faltar<br \/>\nde mi lugar en esta grey;<br \/>\nmas \u00a1oh, qu\u00e9 gozo al despertar<br \/>\nen el palacio de mi Rey!<br \/>\nCoro<br \/>\nY cara a cara le ver\u00e9,<br \/>\ny vivir\u00e9 con \u00e9l all\u00ed,<br \/>\ny para siempre cantar\u00e9:<br \/>\n?Salvado por su gracia fui?.<br \/>\n2.<br \/>\nUn d\u00eda a m\u00ed la muerte atroz<br \/>\nvendr\u00e1, mas cu\u00e1ndo, no lo s\u00e9;<br \/>\ns\u00f3lo esto s\u00e9, que con mi Dios<br \/>\nun sitio yo feliz tendr\u00e9.<br \/>\n3.<br \/>\nUn d\u00eda yo, tal como el sol,<br \/>\nmi ocaso y fin tendr\u00e9 tambi\u00e9n;<br \/>\nmas cuando venga el Salvador,<br \/>\nsu voz dir\u00e1: ?Ven, hijo, ven?.<br \/>\n4.<br \/>\nEl d\u00eda fausto aguardo yo,<br \/>\ny s\u00e9 que pronto llegar\u00e1;<br \/>\nvendr\u00e1 en su gloria mi Se\u00f1or<br \/>\ny a su mansi\u00f3n me llevar\u00e1.<\/p>\n","protected":false},"excerpt":{"rendered":"<p>Antiguo himnario adventista himno 319 Un d\u00eda yo he de faltar L\u00edrica &nbsp; 1. Un d\u00eda yo he de faltar de mi lugar en esta grey; mas \u00a1oh, qu\u00e9 gozo al despertar en el palacio de mi Rey! Coro Y cara a cara le ver\u00e9, y vivir\u00e9 con \u00e9l all\u00ed, y para siempre cantar\u00e9: ?Salvado [&hellip;]<\/p>\n","protected":false},"author":1,"featured_media":0,"comment_status":"open","ping_status":"open","sticky":false,"template":"","format":"standard","meta":{"footnotes":""},"categories":[116],"tags":[],"class_list":["post-1324","post","type-post","status-publish","format-standard","hentry","category-antiguo-himnario-adventista"],"amp_enabled":true,"_links":{"self":[{"href":"https:\/\/treasurehymns.com\/es\/wp-json\/wp\/v2\/posts\/1324","targetHints":{"allow":["GET"]}}],"collection":[{"href":"https:\/\/treasurehymns.com\/es\/wp-json\/wp\/v2\/posts"}],"about":[{"href":"https:\/\/treasurehymns.com\/es\/wp-json\/wp\/v2\/types\/post"}],"author":[{"embeddable":true,"href":"https:\/\/treasurehymns.com\/es\/wp-json\/wp\/v2\/users\/1"}],"replies":[{"embeddable":true,"href":"https:\/\/treasurehymns.com\/es\/wp-json\/wp\/v2\/comments?post=1324"}],"version-history":[{"count":0,"href":"https:\/\/treasurehymns.com\/es\/wp-json\/wp\/v2\/posts\/1324\/revisions"}],"wp:attachment":[{"href":"https:\/\/treasurehymns.com\/es\/wp-json\/wp\/v2\/media?parent=1324"}],"wp:term":[{"taxonomy":"category","embeddable":true,"href":"https:\/\/treasurehymns.com\/es\/wp-json\/wp\/v2\/categories?post=1324"},{"taxonomy":"post_tag","embeddable":true,"href":"https:\/\/treasurehymns.com\/es\/wp-json\/wp\/v2\/tags?post=1324"}],"curies":[{"name":"wp","href":"https:\/\/api.w.org\/{rel}","templated":true}]}}